{"id":3458,"date":"2015-05-06T11:57:32","date_gmt":"2015-05-06T11:57:32","guid":{"rendered":"http:\/\/ppmarin.cinsl.net\/dev\/?p=3458"},"modified":"2015-05-06T12:13:56","modified_gmt":"2015-05-06T12:13:56","slug":"la-escuela-infantil-de-seixo-avanza-a-buen-ritmo","status":"publish","type":"post","link":"http:\/\/ppmarin.cinsl.net\/dev\/la-escuela-infantil-de-seixo-avanza-a-buen-ritmo\/","title":{"rendered":"LA ESCUELA INFANTIL DE SEIXO AVANZA A BUEN RITMO.-"},"content":{"rendered":"<p>Las obras de la Escuela Infantil de Seixo avanzan a buen ritmo, teniendo en cuenta que afrontan ya la recta final y el armaz\u00f3n del edificio est\u00e1 ya visible, aunque evidentemente quedan meses de obras hasta conseguir el resultado final y que la obra pueda ser una realidad.<\/p>\n<p>Se iniciaron con las labores de demolici\u00f3n de las antiguas casas de los profesores del colegio de Seixo, provocando el vallado de una zona del patio de infantil que est\u00e1 sin poder ser usado durante las obras, cuando \u00e9stas finalicen se volver\u00e1 a acondicionar este espacio.<\/p>\n<p>La apuesta por esta inversi\u00f3n es muy importante para Mar\u00edn, primero porque permitir\u00e1 contar con un equipamiento p\u00fablico dedicado a la educaci\u00f3n infantil, y despu\u00e9s porque este entorno, siendo Seixo un casco urbano importante y las parroquias de Ard\u00e1n, Santom\u00e9 y O Campo, podr\u00e1n contar con un servicio educativo para ni\u00f1os de 0 a 3 a\u00f1os.<\/p>\n<p>El proyecto que sirve de base y que fue presentado por la Xunta de Galicia a trav\u00e9s del Consorcio Galego de Benestar Social se asienta sobre una parcela, de forma sensiblemente rectangular, y se desarrolla una edificaci\u00f3n en planta baja ocupando la parte Norte y Este de la misma y dejando la zona Sur y Oeste de la parcela para usos exteriores.<\/p>\n<p>En el Norte la edificaci\u00f3n se separa aproximadamente 3 m de la alineaci\u00f3n en gran parte de su longitud.<\/p>\n<p>La edificaci\u00f3n es un rect\u00e1ngulo compacto con singularidades.<\/p>\n<p>La edificaci\u00f3n se realiza en una sola planta de 398,50 m2, con porches cubiertos de 128,03 m2 y \u00e1reas de patio y jard\u00edn de 351,11 m\u00b2<\/p>\n<p>El suelo donde se va a construir tiene la calificaci\u00f3n y clasificaci\u00f3n urban\u00edstica de urbano de uso dotacional p\u00fablico seg\u00fan el Plan General de 2012.<\/p>\n<p>&nbsp;<\/p>\n<p><strong>PRESUPUESTO GENERAL DE LA OBRA<\/strong><\/p>\n<p>Presupuesto de Ejecuci\u00f3n Material del Proyecto 279.516,71 \u20ac<\/p>\n<p>Beneficio Industrial 6% 16.771,00 \u20ac<\/p>\n<p>Gastos Generales 13% 36.337,17 \u20ac<\/p>\n<p>IVA 21% 69.851,22 \u20ac<\/p>\n<p><strong>Importe de licitaci\u00f3n 402.476,10 \u20ac<\/strong><\/p>\n<p><strong>\u00a0<\/strong><\/p>\n<p><strong>PLAN DE OBRA<\/strong><\/p>\n<p>Los trabajos y el plan de obra de car\u00e1cter indicativo que se prev\u00e9n realizar seg\u00fan el presente proyecto durar\u00e1n un tiempo estimado de 8 MESES, y est\u00e1n siendo ejecutados por TRAGSA.<\/p>\n<p>Desde el equipo de gobierno siempre se ha defendido la necesidad y la importancia de realizar un equipamiento de esta envergadura educativo en Seixo, que fortalece la continuidad del colegio al contar con un servicio m\u00e1s que fideliza el alumnado desde los primeros meses de edad.<\/p>\n<p>&nbsp;<\/p>\n<p>&nbsp;<\/p>\n","protected":false},"excerpt":{"rendered":"<p>Las obras de la Escuela Infantil de Seixo avanzan a buen ritmo, teniendo en cuenta que afrontan ya la recta final y el armaz\u00f3n del edificio est\u00e1 ya visible, aunque evidentemente quedan meses de obras hasta conseguir el resultado final y que la obra pueda ser una realidad. Se iniciaron con las labores de demolici\u00f3n [&hellip;]<\/p>\n","protected":false},"author":2,"featured_media":3461,"comment_status":"open","ping_status":"open","sticky":false,"template":"","format":"standard","meta":[],"categories":[35],"tags":[],"_links":{"self":[{"href":"http:\/\/ppmarin.cinsl.net\/dev\/wp-json\/wp\/v2\/posts\/3458"}],"collection":[{"href":"http:\/\/ppmarin.cinsl.net\/dev\/wp-json\/wp\/v2\/posts"}],"about":[{"href":"http:\/\/ppmarin.cinsl.net\/dev\/wp-json\/wp\/v2\/types\/post"}],"author":[{"embeddable":true,"href":"http:\/\/ppmarin.cinsl.net\/dev\/wp-json\/wp\/v2\/users\/2"}],"replies":[{"embeddable":true,"href":"http:\/\/ppmarin.cinsl.net\/dev\/wp-json\/wp\/v2\/comments?post=3458"}],"version-history":[{"count":2,"href":"http:\/\/ppmarin.cinsl.net\/dev\/wp-json\/wp\/v2\/posts\/3458\/revisions"}],"predecessor-version":[{"id":3468,"href":"http:\/\/ppmarin.cinsl.net\/dev\/wp-json\/wp\/v2\/posts\/3458\/revisions\/3468"}],"wp:featuredmedia":[{"embeddable":true,"href":"http:\/\/ppmarin.cinsl.net\/dev\/wp-json\/wp\/v2\/media\/3461"}],"wp:attachment":[{"href":"http:\/\/ppmarin.cinsl.net\/dev\/wp-json\/wp\/v2\/media?parent=3458"}],"wp:term":[{"taxonomy":"category","embeddable":true,"href":"http:\/\/ppmarin.cinsl.net\/dev\/wp-json\/wp\/v2\/categories?post=3458"},{"taxonomy":"post_tag","embeddable":true,"href":"http:\/\/ppmarin.cinsl.net\/dev\/wp-json\/wp\/v2\/tags?post=3458"}],"curies":[{"name":"wp","href":"https:\/\/api.w.org\/{rel}","templated":true}]}}