{"id":3465,"date":"2015-05-06T12:12:28","date_gmt":"2015-05-06T12:12:28","guid":{"rendered":"http:\/\/ppmarin.cinsl.net\/dev\/?p=3465"},"modified":"2015-05-06T12:12:28","modified_gmt":"2015-05-06T12:12:28","slug":"lista-electoral-del-p-p-de-marin-elecciones-municipales-2015","status":"publish","type":"post","link":"http:\/\/ppmarin.cinsl.net\/dev\/lista-electoral-del-p-p-de-marin-elecciones-municipales-2015\/","title":{"rendered":"LISTA ELECTORAL DEL P.P. DE MAR\u00cdN.- ELECCIONES MUNICIPALES 2015.-"},"content":{"rendered":"<p>Una vez cumplidos los tr\u00e1mites y el nombramiento formal como candidata a encabezar la lista del P.P. para las pr\u00f3ximas elecciones municipales de <strong>Mar\u00eda Ramallo, <\/strong>quiere hacer p\u00fablico al equipo del primer tramo de la lista que le acompa\u00f1ar\u00e1 y que trabajar\u00e1 para revalidar la mayor\u00eda absoluta.<\/p>\n<p>En el equipo principal contin\u00faan los concejales que tuvieron responsabilidades en el equipo de gobierno actual, dando un paso atr\u00e1s por motivos laborales y falta de tiempo y dedicaci\u00f3n dos personas que actualmente desempe\u00f1an esta labor.<\/p>\n<p><strong>2.- Manuel Santos Costa<\/strong><\/p>\n<p><strong>3.- Marian Sanmart\u00edn Garc\u00eda<\/strong><\/p>\n<p><strong>4.- M\u00aa Jos\u00e9 de Pazo Allariz<\/strong><\/p>\n<p><strong>5.- Paco Pepe Est\u00e9vez Salazar<\/strong><\/p>\n<p><strong>6.- Cristina Acu\u00f1a Gonz\u00e1lez<\/strong><\/p>\n<p><strong>7.- Pablo Novas Caballero<\/strong><\/p>\n<p><strong>8.- Antonio Traba Mi\u00f1ones<\/strong><\/p>\n<p><strong>9.- Beatriz Rodr\u00edguez G\u00f3mez<\/strong><\/p>\n<p><strong>10.- Benito Touri\u00f1o Touri\u00f1o<\/strong><\/p>\n<p><strong>11.- Jos\u00e9 Cidr\u00e1s Rosales<\/strong><\/p>\n<p><strong>12.- Eugenio Garc\u00eda Pi\u00f1eiro<\/strong><\/p>\n<p>Estas son las personas que encabezar\u00e1n la lista que concurrir\u00e1 a las pr\u00f3ximas elecciones municipales a celebrar el domingo 24 de mayo y que continuar\u00e1n conform\u00e1ndola en las distintas \u00e1reas la mayor\u00eda de los integrantes del equipo actual, donde se incorporan dos personas <strong>M\u00aa Jos\u00e9 de Pazo Allariz,<\/strong> afiliada y que ya hab\u00eda sido conejala en la oposici\u00f3n municipal en una anterior Corporaci\u00f3n y <strong>Eugenio Garc\u00eda Pastoriza<\/strong>, afiliado, vecino de Pastoriza y que colabora activamente en las tareas del rural.<\/p>\n<p>Se trata de ofrecer m\u00e1s apoyos al actual equipo, seguir una l\u00ednea marcada y unos objetivos comunes, dan un paso atr\u00e1s Ramiro Gestido Pousada y Luis Lago Garc\u00eda dado que las ocupaciones actuales les impiden poder dedicarles el tiempo que requiere esta labor y siguen apoyando al grupo formando parte de la lista en puestos m\u00e1s altos de la tabla.<\/p>\n<p>La pr\u00f3xima semana se presentar\u00e1n la lista completa de todos sus integrantes, y los suplentes que les acompa\u00f1ar\u00e1n en esta candidatura que tendr\u00e1 el reto de poner en valor la labor realizada por el gobierno del grupo municipal del P.P. y apostar como se ha hecho por desbloquear muchos temas, al igual que se ha apostado claramente en esta legislatura.<\/p>\n<p>Una mezcla de experiencia, de incorporaci\u00f3n de m\u00e1s personas formadas de la base y que llevan mucho trabajado por el P.P. de Mar\u00edn que se nutre de entre sus afiliados y que permite sumar m\u00e1s trabajo y m\u00e1s perfiles en la l\u00ednea del equipo ya formado y que est\u00e1 impulsando el proyecto para Mar\u00edn.<\/p>\n<p>&nbsp;<\/p>\n<p><strong><em>Mar\u00edn, 1 de abril de 2015<\/em><\/strong><\/p>\n<p><strong><em>LA CANDIDATA DEL P.P. DE MAR\u00cdN<\/em><\/strong><\/p>\n<p><strong><em>Mar\u00eda Ramallo V\u00e1zquez<\/em><\/strong><\/p>\n","protected":false},"excerpt":{"rendered":"<p>Una vez cumplidos los tr\u00e1mites y el nombramiento formal como candidata a encabezar la lista del P.P. para las pr\u00f3ximas elecciones municipales de Mar\u00eda Ramallo, quiere hacer p\u00fablico al equipo del primer tramo de la lista que le acompa\u00f1ar\u00e1 y que trabajar\u00e1 para revalidar la mayor\u00eda absoluta. En el equipo principal contin\u00faan los concejales que [&hellip;]<\/p>\n","protected":false},"author":2,"featured_media":3466,"comment_status":"open","ping_status":"open","sticky":false,"template":"","format":"standard","meta":[],"categories":[35],"tags":[],"_links":{"self":[{"href":"http:\/\/ppmarin.cinsl.net\/dev\/wp-json\/wp\/v2\/posts\/3465"}],"collection":[{"href":"http:\/\/ppmarin.cinsl.net\/dev\/wp-json\/wp\/v2\/posts"}],"about":[{"href":"http:\/\/ppmarin.cinsl.net\/dev\/wp-json\/wp\/v2\/types\/post"}],"author":[{"embeddable":true,"href":"http:\/\/ppmarin.cinsl.net\/dev\/wp-json\/wp\/v2\/users\/2"}],"replies":[{"embeddable":true,"href":"http:\/\/ppmarin.cinsl.net\/dev\/wp-json\/wp\/v2\/comments?post=3465"}],"version-history":[{"count":1,"href":"http:\/\/ppmarin.cinsl.net\/dev\/wp-json\/wp\/v2\/posts\/3465\/revisions"}],"predecessor-version":[{"id":3467,"href":"http:\/\/ppmarin.cinsl.net\/dev\/wp-json\/wp\/v2\/posts\/3465\/revisions\/3467"}],"wp:featuredmedia":[{"embeddable":true,"href":"http:\/\/ppmarin.cinsl.net\/dev\/wp-json\/wp\/v2\/media\/3466"}],"wp:attachment":[{"href":"http:\/\/ppmarin.cinsl.net\/dev\/wp-json\/wp\/v2\/media?parent=3465"}],"wp:term":[{"taxonomy":"category","embeddable":true,"href":"http:\/\/ppmarin.cinsl.net\/dev\/wp-json\/wp\/v2\/categories?post=3465"},{"taxonomy":"post_tag","embeddable":true,"href":"http:\/\/ppmarin.cinsl.net\/dev\/wp-json\/wp\/v2\/tags?post=3465"}],"curies":[{"name":"wp","href":"https:\/\/api.w.org\/{rel}","templated":true}]}}